{"id":3297,"date":"2024-09-11T13:19:10","date_gmt":"2024-09-11T11:19:10","guid":{"rendered":"https:\/\/naturdepil.hr\/?p=3297"},"modified":"2024-09-18T20:25:13","modified_gmt":"2024-09-18T18:25:13","slug":"selidba-proizvodnje-u-spanjolsku","status":"publish","type":"post","link":"https:\/\/naturdepil.hr\/en\/selidba-proizvodnje-u-spanjolsku\/","title":{"rendered":"Relocation of production to Spain"},"content":{"rendered":"<p>Potpisali smo ugovor sa najve\u0107om svjetskom tvrtkom kad je u pitanju depilacija s kojom sura\u0111ujemo od davne 1997, <strong>&quot;MAYSTAR group&quot;<\/strong> \u0160panjolska, koja je 1984 patentirala patrone, grija\u010de i vosak kakav danas poznajemo. 2022 selimo na\u0161u proizvodnju u njihove proizvodne prostore u Torredembarra\/Tarragona. Gdje se na\u0161i proizvodi danas proizvode i distribuiraju \u0161irom svijeta!!<\/p>\n\n\n\n<div style=\"height:30px\" aria-hidden=\"true\" class=\"wp-block-spacer\"><\/div>\n\n\n\n<figure class=\"wp-block-embed is-type-video is-provider-youtube wp-block-embed-youtube wp-embed-aspect-16-9 wp-has-aspect-ratio\"><div class=\"wp-block-embed__wrapper\">\n<iframe title=\"MAYSTAR COSMETICS Promotional Corporate Video\" width=\"800\" height=\"450\" src=\"https:\/\/www.youtube.com\/embed\/1HDVtEIcXxM?start=15&#038;feature=oembed\" frameborder=\"0\" allow=\"accelerometer; autoplay; clipboard-write; encrypted-media; gyroscope; picture-in-picture; web-share\" referrerpolicy=\"strict-origin-when-cross-origin\" allowfullscreen><\/iframe>\n<\/div><\/figure>","protected":false},"excerpt":{"rendered":"<p>We signed a contract with the world&#039;s largest company when it comes to hair removal, with which we have been cooperating since 1997, &quot;MAYSTAR group&quot; Spain.<\/p>","protected":false},"author":1,"featured_media":3419,"comment_status":"closed","ping_status":"","sticky":false,"template":"","format":"standard","meta":{"footnotes":""},"categories":[1],"tags":[],"class_list":["post-3297","post","type-post","status-publish","format-standard","has-post-thumbnail","hentry","category-uncategorized"],"_links":{"self":[{"href":"https:\/\/naturdepil.hr\/en\/wp-json\/wp\/v2\/posts\/3297","targetHints":{"allow":["GET"]}}],"collection":[{"href":"https:\/\/naturdepil.hr\/en\/wp-json\/wp\/v2\/posts"}],"about":[{"href":"https:\/\/naturdepil.hr\/en\/wp-json\/wp\/v2\/types\/post"}],"author":[{"embeddable":true,"href":"https:\/\/naturdepil.hr\/en\/wp-json\/wp\/v2\/users\/1"}],"replies":[{"embeddable":true,"href":"https:\/\/naturdepil.hr\/en\/wp-json\/wp\/v2\/comments?post=3297"}],"version-history":[{"count":5,"href":"https:\/\/naturdepil.hr\/en\/wp-json\/wp\/v2\/posts\/3297\/revisions"}],"predecessor-version":[{"id":3446,"href":"https:\/\/naturdepil.hr\/en\/wp-json\/wp\/v2\/posts\/3297\/revisions\/3446"}],"wp:featuredmedia":[{"embeddable":true,"href":"https:\/\/naturdepil.hr\/en\/wp-json\/wp\/v2\/media\/3419"}],"wp:attachment":[{"href":"https:\/\/naturdepil.hr\/en\/wp-json\/wp\/v2\/media?parent=3297"}],"wp:term":[{"taxonomy":"category","embeddable":true,"href":"https:\/\/naturdepil.hr\/en\/wp-json\/wp\/v2\/categories?post=3297"},{"taxonomy":"post_tag","embeddable":true,"href":"https:\/\/naturdepil.hr\/en\/wp-json\/wp\/v2\/tags?post=3297"}],"curies":[{"name":"wp","href":"https:\/\/api.w.org\/{rel}","templated":true}]}}