{"id":3301,"date":"2024-09-11T13:20:25","date_gmt":"2024-09-11T11:20:25","guid":{"rendered":"https:\/\/naturdepil.hr\/?p=3301"},"modified":"2024-09-20T13:34:50","modified_gmt":"2024-09-20T11:34:50","slug":"proline-cosmetics-u-mostaru","status":"publish","type":"post","link":"https:\/\/naturdepil.hr\/en\/proline-cosmetics-u-mostaru\/","title":{"rendered":"PROLINE COSMETICS in Mostar"},"content":{"rendered":"<p>U skladu sa razvojem PROLINE branda i njegovo \u0161irenje na tr\u017ei\u0161te zemalja \u010dlanica CEFTE otvorili smo tvrtku PROLINE COSMETICS sa sjedi\u0161tem u Mostaru, u poslovnom centru Orca, koja je po\u010dela sa radom i ve\u0107 u prvih par mjeseci poslovanja ostvarila zna\u010dajne rezultate!<\/p>\n\n\n\n<p><\/p>","protected":false},"excerpt":{"rendered":"<p>We opened the company PROLINE COSMETICS with headquarters in Mostar, which started working.<\/p>","protected":false},"author":1,"featured_media":3449,"comment_status":"closed","ping_status":"","sticky":false,"template":"","format":"standard","meta":{"footnotes":""},"categories":[1],"tags":[],"class_list":["post-3301","post","type-post","status-publish","format-standard","has-post-thumbnail","hentry","category-uncategorized"],"_links":{"self":[{"href":"https:\/\/naturdepil.hr\/en\/wp-json\/wp\/v2\/posts\/3301","targetHints":{"allow":["GET"]}}],"collection":[{"href":"https:\/\/naturdepil.hr\/en\/wp-json\/wp\/v2\/posts"}],"about":[{"href":"https:\/\/naturdepil.hr\/en\/wp-json\/wp\/v2\/types\/post"}],"author":[{"embeddable":true,"href":"https:\/\/naturdepil.hr\/en\/wp-json\/wp\/v2\/users\/1"}],"replies":[{"embeddable":true,"href":"https:\/\/naturdepil.hr\/en\/wp-json\/wp\/v2\/comments?post=3301"}],"version-history":[{"count":3,"href":"https:\/\/naturdepil.hr\/en\/wp-json\/wp\/v2\/posts\/3301\/revisions"}],"predecessor-version":[{"id":3459,"href":"https:\/\/naturdepil.hr\/en\/wp-json\/wp\/v2\/posts\/3301\/revisions\/3459"}],"wp:featuredmedia":[{"embeddable":true,"href":"https:\/\/naturdepil.hr\/en\/wp-json\/wp\/v2\/media\/3449"}],"wp:attachment":[{"href":"https:\/\/naturdepil.hr\/en\/wp-json\/wp\/v2\/media?parent=3301"}],"wp:term":[{"taxonomy":"category","embeddable":true,"href":"https:\/\/naturdepil.hr\/en\/wp-json\/wp\/v2\/categories?post=3301"},{"taxonomy":"post_tag","embeddable":true,"href":"https:\/\/naturdepil.hr\/en\/wp-json\/wp\/v2\/tags?post=3301"}],"curies":[{"name":"wp","href":"https:\/\/api.w.org\/{rel}","templated":true}]}}